{"id":1565,"date":"2026-08-29T21:43:12","date_gmt":"2026-08-29T19:43:12","guid":{"rendered":"https:\/\/utw.pajeczno.pl\/?p=1565"},"modified":"2026-08-29T21:46:15","modified_gmt":"2026-08-29T19:46:15","slug":"rajd-rowerowy","status":"publish","type":"post","link":"https:\/\/utw.pajeczno.pl\/?p=1565","title":{"rendered":"Rajd rowerowy"},"content":{"rendered":"\n<p class=\"wp-block-paragraph\">W dniu 2 wrze\u015bnia br. (\u015broda) odb\u0119dzie si\u0119 rajd rowerowy organizowany przez Stowarzyszenie Skrzyd\u0142a M\u0142odo\u015bci. Miejsce zbi\u00f3rki ko\u0142o Policji godz.10:oo<\/p>\n","protected":false},"excerpt":{"rendered":"<p>W dniu 2 wrze\u015bnia br. (\u015broda) odb\u0119dzie si\u0119 rajd rowerowy organizowany przez Stowarzyszenie Skrzyd\u0142a M\u0142odo\u015bci. Miejsce zbi\u00f3rki ko\u0142o Policji godz.10:oo<\/p>\n","protected":false},"author":2,"featured_media":0,"comment_status":"open","ping_status":"open","sticky":false,"template":"","format":"standard","meta":{"footnotes":""},"categories":[1],"tags":[],"class_list":["post-1565","post","type-post","status-publish","format-standard","hentry","category-aktualnosci"],"blocksy_meta":[],"_links":{"self":[{"href":"https:\/\/utw.pajeczno.pl\/index.php?rest_route=\/wp\/v2\/posts\/1565","targetHints":{"allow":["GET"]}}],"collection":[{"href":"https:\/\/utw.pajeczno.pl\/index.php?rest_route=\/wp\/v2\/posts"}],"about":[{"href":"https:\/\/utw.pajeczno.pl\/index.php?rest_route=\/wp\/v2\/types\/post"}],"author":[{"embeddable":true,"href":"https:\/\/utw.pajeczno.pl\/index.php?rest_route=\/wp\/v2\/users\/2"}],"replies":[{"embeddable":true,"href":"https:\/\/utw.pajeczno.pl\/index.php?rest_route=%2Fwp%2Fv2%2Fcomments&post=1565"}],"version-history":[{"count":3,"href":"https:\/\/utw.pajeczno.pl\/index.php?rest_route=\/wp\/v2\/posts\/1565\/revisions"}],"predecessor-version":[{"id":1568,"href":"https:\/\/utw.pajeczno.pl\/index.php?rest_route=\/wp\/v2\/posts\/1565\/revisions\/1568"}],"wp:attachment":[{"href":"https:\/\/utw.pajeczno.pl\/index.php?rest_route=%2Fwp%2Fv2%2Fmedia&parent=1565"}],"wp:term":[{"taxonomy":"category","embeddable":true,"href":"https:\/\/utw.pajeczno.pl\/index.php?rest_route=%2Fwp%2Fv2%2Fcategories&post=1565"},{"taxonomy":"post_tag","embeddable":true,"href":"https:\/\/utw.pajeczno.pl\/index.php?rest_route=%2Fwp%2Fv2%2Ftags&post=1565"}],"curies":[{"name":"wp","href":"https:\/\/api.w.org\/{rel}","templated":true}]}}