{"id":1563,"date":"2026-08-29T21:39:08","date_gmt":"2026-08-29T19:39:08","guid":{"rendered":"https:\/\/utw.pajeczno.pl\/?p=1563"},"modified":"2026-08-29T21:39:08","modified_gmt":"2026-08-29T19:39:08","slug":"wycieczka-2027","status":"publish","type":"post","link":"https:\/\/utw.pajeczno.pl\/?p=1563","title":{"rendered":"Wycieczka 2027"},"content":{"rendered":"\n<p class=\"wp-block-paragraph\">Zarz\u0105d organizuje 3-dniow\u0105 wycieczk\u0119 do Szczecina\/Kopenhagi\/Malmo\/Swinouj\u015bcia<\/p>\n\n\n\n<p class=\"wp-block-paragraph\">w miesi\u0105cu lipcu lub sierpniu 2027 roku.<\/p>\n\n\n\n<p class=\"wp-block-paragraph\">Informacji udziela i zapisy przyjmuje do dnia 20 wrze\u015bnia br.Aleksandra Jurowska tel.602389717<\/p>\n\n\n\n<p class=\"wp-block-paragraph\"><\/p>\n","protected":false},"excerpt":{"rendered":"<p>Zarz\u0105d organizuje 3-dniow\u0105 wycieczk\u0119 do Szczecina\/Kopenhagi\/Malmo\/Swinouj\u015bcia w miesi\u0105cu lipcu lub sierpniu 2027 roku. Informacji udziela i zapisy przyjmuje do dnia 20 wrze\u015bnia br.Aleksandra Jurowska tel.602389717<\/p>\n","protected":false},"author":2,"featured_media":0,"comment_status":"open","ping_status":"open","sticky":false,"template":"","format":"standard","meta":{"footnotes":""},"categories":[1],"tags":[],"class_list":["post-1563","post","type-post","status-publish","format-standard","hentry","category-aktualnosci"],"blocksy_meta":[],"_links":{"self":[{"href":"https:\/\/utw.pajeczno.pl\/index.php?rest_route=\/wp\/v2\/posts\/1563","targetHints":{"allow":["GET"]}}],"collection":[{"href":"https:\/\/utw.pajeczno.pl\/index.php?rest_route=\/wp\/v2\/posts"}],"about":[{"href":"https:\/\/utw.pajeczno.pl\/index.php?rest_route=\/wp\/v2\/types\/post"}],"author":[{"embeddable":true,"href":"https:\/\/utw.pajeczno.pl\/index.php?rest_route=\/wp\/v2\/users\/2"}],"replies":[{"embeddable":true,"href":"https:\/\/utw.pajeczno.pl\/index.php?rest_route=%2Fwp%2Fv2%2Fcomments&post=1563"}],"version-history":[{"count":1,"href":"https:\/\/utw.pajeczno.pl\/index.php?rest_route=\/wp\/v2\/posts\/1563\/revisions"}],"predecessor-version":[{"id":1564,"href":"https:\/\/utw.pajeczno.pl\/index.php?rest_route=\/wp\/v2\/posts\/1563\/revisions\/1564"}],"wp:attachment":[{"href":"https:\/\/utw.pajeczno.pl\/index.php?rest_route=%2Fwp%2Fv2%2Fmedia&parent=1563"}],"wp:term":[{"taxonomy":"category","embeddable":true,"href":"https:\/\/utw.pajeczno.pl\/index.php?rest_route=%2Fwp%2Fv2%2Fcategories&post=1563"},{"taxonomy":"post_tag","embeddable":true,"href":"https:\/\/utw.pajeczno.pl\/index.php?rest_route=%2Fwp%2Fv2%2Ftags&post=1563"}],"curies":[{"name":"wp","href":"https:\/\/api.w.org\/{rel}","templated":true}]}}