{"id":1558,"date":"2026-08-21T10:33:06","date_gmt":"2026-08-21T08:33:06","guid":{"rendered":"https:\/\/utw.pajeczno.pl\/?p=1558"},"modified":"2026-08-27T09:24:01","modified_gmt":"2026-08-27T07:24:01","slug":"wyjazd-do-poddebic-2","status":"publish","type":"post","link":"https:\/\/utw.pajeczno.pl\/?p=1558","title":{"rendered":"Wyjazd do Podd\u0119bic"},"content":{"rendered":"\n<p class=\"wp-block-paragraph\">Zarz\u0105d organizuje dla 50 cz\u0142onk\u00f3w wyjazd do term w Podd\u0119bicach w dniu 15 pa\u017adziernika br.(czwartek)<\/p>\n\n\n\n<p class=\"wp-block-paragraph\">Koszt 40,00 z\u0142 (w cenie jest te\u017c wst\u0119p do strefy saun).<\/p>\n\n\n\n<p class=\"wp-block-paragraph\">Miejsce wyjazdu spod Kolumba o godz.8:30<\/p>\n\n\n\n<p class=\"wp-block-paragraph\">Zapisy i wp\u0142aty przyjmuje Barbara Wypych tel.694572787 i Aleksandra Jurowska tel.602389717<\/p>\n\n\n\n<p class=\"wp-block-paragraph\"><\/p>\n","protected":false},"excerpt":{"rendered":"<p>Zarz\u0105d organizuje dla 50 cz\u0142onk\u00f3w wyjazd do term w Podd\u0119bicach w dniu 15 pa\u017adziernika br.(czwartek) Koszt 40,00 z\u0142 (w cenie jest te\u017c wst\u0119p do strefy saun). Miejsce wyjazdu spod Kolumba o godz.8:30 Zapisy i wp\u0142aty przyjmuje Barbara Wypych tel.694572787 i Aleksandra Jurowska tel.602389717<\/p>\n","protected":false},"author":2,"featured_media":0,"comment_status":"open","ping_status":"open","sticky":false,"template":"","format":"standard","meta":{"footnotes":""},"categories":[1],"tags":[],"class_list":["post-1558","post","type-post","status-publish","format-standard","hentry","category-aktualnosci"],"blocksy_meta":[],"_links":{"self":[{"href":"https:\/\/utw.pajeczno.pl\/index.php?rest_route=\/wp\/v2\/posts\/1558","targetHints":{"allow":["GET"]}}],"collection":[{"href":"https:\/\/utw.pajeczno.pl\/index.php?rest_route=\/wp\/v2\/posts"}],"about":[{"href":"https:\/\/utw.pajeczno.pl\/index.php?rest_route=\/wp\/v2\/types\/post"}],"author":[{"embeddable":true,"href":"https:\/\/utw.pajeczno.pl\/index.php?rest_route=\/wp\/v2\/users\/2"}],"replies":[{"embeddable":true,"href":"https:\/\/utw.pajeczno.pl\/index.php?rest_route=%2Fwp%2Fv2%2Fcomments&post=1558"}],"version-history":[{"count":3,"href":"https:\/\/utw.pajeczno.pl\/index.php?rest_route=\/wp\/v2\/posts\/1558\/revisions"}],"predecessor-version":[{"id":1561,"href":"https:\/\/utw.pajeczno.pl\/index.php?rest_route=\/wp\/v2\/posts\/1558\/revisions\/1561"}],"wp:attachment":[{"href":"https:\/\/utw.pajeczno.pl\/index.php?rest_route=%2Fwp%2Fv2%2Fmedia&parent=1558"}],"wp:term":[{"taxonomy":"category","embeddable":true,"href":"https:\/\/utw.pajeczno.pl\/index.php?rest_route=%2Fwp%2Fv2%2Fcategories&post=1558"},{"taxonomy":"post_tag","embeddable":true,"href":"https:\/\/utw.pajeczno.pl\/index.php?rest_route=%2Fwp%2Fv2%2Ftags&post=1558"}],"curies":[{"name":"wp","href":"https:\/\/api.w.org\/{rel}","templated":true}]}}